{"id":550,"date":"2025-12-22T14:29:08","date_gmt":"2025-12-22T14:29:08","guid":{"rendered":"http:\/\/lecoutedesoi.fr\/?p=550"},"modified":"2026-04-13T11:28:00","modified_gmt":"2026-04-13T11:28:00","slug":"elementor-550","status":"publish","type":"post","link":"http:\/\/lecoutedesoi.fr\/?p=550","title":{"rendered":"STAGE ISTRES : Vendredi 17 avril 2026 &#8211; 18h30 \u00e0 20h30"},"content":{"rendered":"\t\t<div data-elementor-type=\"wp-post\" data-elementor-id=\"550\" class=\"elementor elementor-550\" data-elementor-post-type=\"post\">\n\t\t\t\t<div class=\"elementor-element elementor-element-457bfefd e-flex e-con-boxed e-con e-parent\" data-id=\"457bfefd\" data-element_type=\"container\">\n\t\t\t\t\t<div class=\"e-con-inner\">\n\t\t\t\t<div class=\"elementor-element elementor-element-7eebb5e4 elementor-widget__width-initial elementor-widget elementor-widget-image\" data-id=\"7eebb5e4\" data-element_type=\"widget\" data-widget_type=\"image.default\">\n\t\t\t\t<div class=\"elementor-widget-container\">\n\t\t\t\t\t\t\t\t\t\t\t\t\t\t\t<img fetchpriority=\"high\" decoding=\"async\" width=\"800\" height=\"1000\" src=\"https:\/\/lecoutedesoi.fr\/wp-content\/uploads\/2025\/12\/atelier-medit-yoga-avec-claire-avril-2026-819x1024.png\" class=\"attachment-large size-large wp-image-753\" alt=\"\" srcset=\"https:\/\/lecoutedesoi.fr\/wp-content\/uploads\/2025\/12\/atelier-medit-yoga-avec-claire-avril-2026-819x1024.png 819w, https:\/\/lecoutedesoi.fr\/wp-content\/uploads\/2025\/12\/atelier-medit-yoga-avec-claire-avril-2026-240x300.png 240w, https:\/\/lecoutedesoi.fr\/wp-content\/uploads\/2025\/12\/atelier-medit-yoga-avec-claire-avril-2026-768x960.png 768w, https:\/\/lecoutedesoi.fr\/wp-content\/uploads\/2025\/12\/atelier-medit-yoga-avec-claire-avril-2026.png 1080w\" sizes=\"(max-width: 800px) 100vw, 800px\" \/>\t\t\t\t\t\t\t\t\t\t\t\t\t\t\t<\/div>\n\t\t\t\t<\/div>\n\t\t<div class=\"elementor-element elementor-element-771adecc e-con-full e-flex e-con e-child\" data-id=\"771adecc\" data-element_type=\"container\">\n\t\t<div class=\"elementor-element elementor-element-59bfe75f e-con-full e-flex e-con e-child\" data-id=\"59bfe75f\" data-element_type=\"container\">\n\t\t\t\t<div class=\"elementor-element elementor-element-40b6dec2 elementor-widget elementor-widget-heading\" data-id=\"40b6dec2\" data-element_type=\"widget\" data-widget_type=\"heading.default\">\n\t\t\t\t<div class=\"elementor-widget-container\">\n\t\t\t\t\t<h2 class=\"elementor-heading-title elementor-size-default\">Atelier m\u00e9ditation et yoga \u00e0 Istres\n\n\n<\/h2>\t\t\t\t<\/div>\n\t\t\t\t<\/div>\n\t\t\t\t<div class=\"elementor-element elementor-element-3e8b2680 elementor-widget elementor-widget-text-editor\" data-id=\"3e8b2680\" data-element_type=\"widget\" data-widget_type=\"text-editor.default\">\n\t\t\t\t<div class=\"elementor-widget-container\">\n\t\t\t\t\t\t\t\t\t<p>Avec C\u00e9cile notre enseignante de yoga et Claire Picatto intervenante invit\u00e9e specialement pour cet atelier.\u00a0<\/p>\t\t\t\t\t\t\t\t<\/div>\n\t\t\t\t<\/div>\n\t\t\t\t<div class=\"elementor-element elementor-element-17f47e6f elementor-widget elementor-widget-text-editor\" data-id=\"17f47e6f\" data-element_type=\"widget\" data-widget_type=\"text-editor.default\">\n\t\t\t\t<div class=\"elementor-widget-container\">\n\t\t\t\t\t\t\t\t\t<div><strong>Nous vous proposons un atelier pour faire une pause, pour soi.<\/strong><\/div><div><strong>Se d\u00e9poser dans les pratiques, se rencontrer soi-m\u00eame en finesse au travers de la m\u00e9ditation de pleine conscience ainsi que des pratiques de yoga doux.\u00a0<\/strong><\/div><div>\u00a0<\/div><div><strong>Cet atelier est acc\u00e9ssible \u00e0 tous.\u00a0<\/strong><\/div><div>\u00a0<\/div><div>D\u00e9couvrez qui est Claire.<\/div><div>\u00a0<\/div>\t\t\t\t\t\t\t\t<\/div>\n\t\t\t\t<\/div>\n\t\t\t\t<\/div>\n\t\t\t\t<\/div>\n\t\t\t\t\t<\/div>\n\t\t\t\t<\/div>\n\t\t<div class=\"elementor-element elementor-element-378cb8bd e-flex e-con-boxed e-con e-parent\" data-id=\"378cb8bd\" data-element_type=\"container\">\n\t\t\t\t\t<div class=\"e-con-inner\">\n\t\t<div class=\"elementor-element elementor-element-774017c0 e-con-full e-flex e-con e-child\" data-id=\"774017c0\" data-element_type=\"container\">\n\t\t\t\t<div class=\"elementor-element elementor-element-38c8a9bc elementor-position-top elementor-widget elementor-widget-image-box\" data-id=\"38c8a9bc\" data-element_type=\"widget\" data-widget_type=\"image-box.default\">\n\t\t\t\t<div class=\"elementor-widget-container\">\n\t\t\t\t\t<div class=\"elementor-image-box-wrapper\"><figure class=\"elementor-image-box-img\"><img decoding=\"async\" src=\"https:\/\/lecoutedesoi.fr\/wp-content\/uploads\/2025\/12\/phot-claire-picatto.jpg\" title=\"phot claire picatto\" alt=\"phot claire picatto\" loading=\"lazy\" \/><\/figure><div class=\"elementor-image-box-content\"><h3 class=\"elementor-image-box-title\">Intervenant<\/h3><\/div><\/div>\t\t\t\t<\/div>\n\t\t\t\t<\/div>\n\t\t\t\t<\/div>\n\t\t<div class=\"elementor-element elementor-element-36012447 e-con-full e-flex e-con e-child\" data-id=\"36012447\" data-element_type=\"container\">\n\t\t\t\t<div class=\"elementor-element elementor-element-532f439b elementor-widget elementor-widget-text-editor\" data-id=\"532f439b\" data-element_type=\"widget\" data-widget_type=\"text-editor.default\">\n\t\t\t\t<div class=\"elementor-widget-container\">\n\t\t\t\t\t\t\t\t\t<p><strong>Je suis Claire Picatto, professionnelle de sant\u00e9 et coach de sant\u00e9. Je suis diplom\u00e9e de l&#8217;universit\u00e9 de Brown (USA) pour transmettre la m\u00e9ditation de pleine conscience.\u00a0<\/strong><\/p><p><strong>J&#8217;enrichis mon enseignement de donn\u00e9es issues de la science, de sagesses traditionelles et philosophiques, toujours de mani\u00e8re la\u00efque.<\/strong><\/p><p><strong>\u00a0Apprendre \u00e0 observer et autoriser ce qui est l\u00e0 pour nous, b<\/strong><strong>ienveillance, douceur et partage, sont les maitres mots de ces espaces de m\u00e9ditation.\u00a0<\/strong><\/p>\t\t\t\t\t\t\t\t<\/div>\n\t\t\t\t<\/div>\n\t\t\t\t<\/div>\n\t\t\t\t\t<\/div>\n\t\t\t\t<\/div>\n\t\t\t\t<\/div>\n\t\t","protected":false},"excerpt":{"rendered":"<p>Atelier m\u00e9ditation et yoga \u00e0 Istres Avec C\u00e9cile notre enseignante de yoga et Claire Picatto intervenante invit\u00e9e specialement pour cet atelier.\u00a0 Nous vous proposons un atelier pour faire une pause, pour soi.Se d\u00e9poser dans les pratiques, se rencontrer soi-m\u00eame en finesse au travers de la m\u00e9ditation de pleine conscience ainsi que des pratiques de yoga [&hellip;]<\/p>\n","protected":false},"author":1,"featured_media":495,"comment_status":"closed","ping_status":"closed","sticky":false,"template":"","format":"standard","meta":{"_acf_changed":false,"footnotes":""},"categories":[8],"tags":[],"class_list":["post-550","post","type-post","status-publish","format-standard","has-post-thumbnail","hentry","category-stages-a-venir"],"acf":[],"yoast_head":"<!-- This site is optimized with the Yoast SEO plugin v26.3 - https:\/\/yoast.com\/wordpress\/plugins\/seo\/ -->\n<title>STAGE ISTRES : Vendredi 17 avril 2026 - 18h30 \u00e0 20h30 - L&#039;\u00e9coute de soi<\/title>\n<meta name=\"robots\" content=\"index, follow, max-snippet:-1, max-image-preview:large, max-video-preview:-1\" \/>\n<link rel=\"canonical\" href=\"https:\/\/lecoutedesoi.fr\/?p=550\" \/>\n<meta property=\"og:locale\" content=\"en_US\" \/>\n<meta property=\"og:type\" content=\"article\" \/>\n<meta property=\"og:title\" content=\"STAGE ISTRES : Vendredi 17 avril 2026 - 18h30 \u00e0 20h30 - L&#039;\u00e9coute de soi\" \/>\n<meta property=\"og:description\" content=\"Atelier m\u00e9ditation et yoga \u00e0 Istres Avec C\u00e9cile notre enseignante de yoga et Claire Picatto intervenante invit\u00e9e specialement pour cet atelier.\u00a0 Nous vous proposons un atelier pour faire une pause, pour soi.Se d\u00e9poser dans les pratiques, se rencontrer soi-m\u00eame en finesse au travers de la m\u00e9ditation de pleine conscience ainsi que des pratiques de yoga [&hellip;]\" \/>\n<meta property=\"og:url\" content=\"https:\/\/lecoutedesoi.fr\/?p=550\" \/>\n<meta property=\"og:site_name\" content=\"L&#039;\u00e9coute de soi\" \/>\n<meta property=\"article:publisher\" content=\"https:\/\/www.facebook.com\/lecoutedesoi.istres\/?locale=fr_FR\" \/>\n<meta property=\"article:published_time\" content=\"2025-12-22T14:29:08+00:00\" \/>\n<meta property=\"article:modified_time\" content=\"2026-04-13T11:28:00+00:00\" \/>\n<meta property=\"og:image\" content=\"https:\/\/lecoutedesoi.fr\/wp-content\/uploads\/2025\/11\/IMG_4691.jpg\" \/>\n\t<meta property=\"og:image:width\" content=\"2016\" \/>\n\t<meta property=\"og:image:height\" content=\"1512\" \/>\n\t<meta property=\"og:image:type\" content=\"image\/jpeg\" \/>\n<meta name=\"author\" content=\"admin1758\" \/>\n<meta name=\"twitter:card\" content=\"summary_large_image\" \/>\n<meta name=\"twitter:label1\" content=\"Written by\" \/>\n\t<meta name=\"twitter:data1\" content=\"admin1758\" \/>\n\t<meta name=\"twitter:label2\" content=\"Est. reading time\" \/>\n\t<meta name=\"twitter:data2\" content=\"2 minutes\" \/>\n<script type=\"application\/ld+json\" class=\"yoast-schema-graph\">{\"@context\":\"https:\/\/schema.org\",\"@graph\":[{\"@type\":\"Article\",\"@id\":\"https:\/\/lecoutedesoi.fr\/?p=550#article\",\"isPartOf\":{\"@id\":\"https:\/\/lecoutedesoi.fr\/?p=550\"},\"author\":{\"name\":\"admin1758\",\"@id\":\"https:\/\/lecoutedesoi.fr\/#\/schema\/person\/e07fb17c5fabe264bde41ff844f1339e\"},\"headline\":\"STAGE ISTRES : Vendredi 17 avril 2026 &#8211; 18h30 \u00e0 20h30\",\"datePublished\":\"2025-12-22T14:29:08+00:00\",\"dateModified\":\"2026-04-13T11:28:00+00:00\",\"mainEntityOfPage\":{\"@id\":\"https:\/\/lecoutedesoi.fr\/?p=550\"},\"wordCount\":155,\"publisher\":{\"@id\":\"https:\/\/lecoutedesoi.fr\/#organization\"},\"image\":{\"@id\":\"https:\/\/lecoutedesoi.fr\/?p=550#primaryimage\"},\"thumbnailUrl\":\"http:\/\/lecoutedesoi.fr\/wp-content\/uploads\/2025\/11\/IMG_4691.jpg\",\"articleSection\":[\"STAGES A VENIR\"],\"inLanguage\":\"en-US\"},{\"@type\":\"WebPage\",\"@id\":\"https:\/\/lecoutedesoi.fr\/?p=550\",\"url\":\"https:\/\/lecoutedesoi.fr\/?p=550\",\"name\":\"STAGE ISTRES : Vendredi 17 avril 2026 - 18h30 \u00e0 20h30 - L&#039;\u00e9coute de soi\",\"isPartOf\":{\"@id\":\"https:\/\/lecoutedesoi.fr\/#website\"},\"primaryImageOfPage\":{\"@id\":\"https:\/\/lecoutedesoi.fr\/?p=550#primaryimage\"},\"image\":{\"@id\":\"https:\/\/lecoutedesoi.fr\/?p=550#primaryimage\"},\"thumbnailUrl\":\"http:\/\/lecoutedesoi.fr\/wp-content\/uploads\/2025\/11\/IMG_4691.jpg\",\"datePublished\":\"2025-12-22T14:29:08+00:00\",\"dateModified\":\"2026-04-13T11:28:00+00:00\",\"breadcrumb\":{\"@id\":\"https:\/\/lecoutedesoi.fr\/?p=550#breadcrumb\"},\"inLanguage\":\"en-US\",\"potentialAction\":[{\"@type\":\"ReadAction\",\"target\":[\"https:\/\/lecoutedesoi.fr\/?p=550\"]}]},{\"@type\":\"ImageObject\",\"inLanguage\":\"en-US\",\"@id\":\"https:\/\/lecoutedesoi.fr\/?p=550#primaryimage\",\"url\":\"http:\/\/lecoutedesoi.fr\/wp-content\/uploads\/2025\/11\/IMG_4691.jpg\",\"contentUrl\":\"http:\/\/lecoutedesoi.fr\/wp-content\/uploads\/2025\/11\/IMG_4691.jpg\",\"width\":2016,\"height\":1512},{\"@type\":\"BreadcrumbList\",\"@id\":\"https:\/\/lecoutedesoi.fr\/?p=550#breadcrumb\",\"itemListElement\":[{\"@type\":\"ListItem\",\"position\":1,\"name\":\"Home\",\"item\":\"https:\/\/lecoutedesoi.fr\/\"},{\"@type\":\"ListItem\",\"position\":2,\"name\":\"STAGE ISTRES : Vendredi 17 avril 2026 &#8211; 18h30 \u00e0 20h30\"}]},{\"@type\":\"WebSite\",\"@id\":\"https:\/\/lecoutedesoi.fr\/#website\",\"url\":\"https:\/\/lecoutedesoi.fr\/\",\"name\":\"L'\u00e9coute de soi\",\"description\":\"\",\"publisher\":{\"@id\":\"https:\/\/lecoutedesoi.fr\/#organization\"},\"potentialAction\":[{\"@type\":\"SearchAction\",\"target\":{\"@type\":\"EntryPoint\",\"urlTemplate\":\"https:\/\/lecoutedesoi.fr\/?s={search_term_string}\"},\"query-input\":{\"@type\":\"PropertyValueSpecification\",\"valueRequired\":true,\"valueName\":\"search_term_string\"}}],\"inLanguage\":\"en-US\"},{\"@type\":\"Organization\",\"@id\":\"https:\/\/lecoutedesoi.fr\/#organization\",\"name\":\"L'\u00e9coute de soi\",\"url\":\"https:\/\/lecoutedesoi.fr\/\",\"logo\":{\"@type\":\"ImageObject\",\"inLanguage\":\"en-US\",\"@id\":\"https:\/\/lecoutedesoi.fr\/#\/schema\/logo\/image\/\",\"url\":\"http:\/\/lecoutedesoi.fr\/wp-content\/uploads\/2025\/10\/logo-ecoutedesoi2-scaled.png\",\"contentUrl\":\"http:\/\/lecoutedesoi.fr\/wp-content\/uploads\/2025\/10\/logo-ecoutedesoi2-scaled.png\",\"width\":2158,\"height\":2560,\"caption\":\"L'\u00e9coute de soi\"},\"image\":{\"@id\":\"https:\/\/lecoutedesoi.fr\/#\/schema\/logo\/image\/\"},\"sameAs\":[\"https:\/\/www.facebook.com\/lecoutedesoi.istres\/?locale=fr_FR\"]},{\"@type\":\"Person\",\"@id\":\"https:\/\/lecoutedesoi.fr\/#\/schema\/person\/e07fb17c5fabe264bde41ff844f1339e\",\"name\":\"admin1758\",\"image\":{\"@type\":\"ImageObject\",\"inLanguage\":\"en-US\",\"@id\":\"https:\/\/lecoutedesoi.fr\/#\/schema\/person\/image\/\",\"url\":\"https:\/\/secure.gravatar.com\/avatar\/51cc86765db1ba80ebbfbae9738a071c11fe9432ccb98933deb7486e1b1dd370?s=96&d=mm&r=g\",\"contentUrl\":\"https:\/\/secure.gravatar.com\/avatar\/51cc86765db1ba80ebbfbae9738a071c11fe9432ccb98933deb7486e1b1dd370?s=96&d=mm&r=g\",\"caption\":\"admin1758\"},\"sameAs\":[\"http:\/\/lecoutedesoi.fr\"],\"url\":\"http:\/\/lecoutedesoi.fr\/?author=1\"}]}<\/script>\n<!-- \/ Yoast SEO plugin. -->","yoast_head_json":{"title":"STAGE ISTRES : Vendredi 17 avril 2026 - 18h30 \u00e0 20h30 - L&#039;\u00e9coute de soi","robots":{"index":"index","follow":"follow","max-snippet":"max-snippet:-1","max-image-preview":"max-image-preview:large","max-video-preview":"max-video-preview:-1"},"canonical":"https:\/\/lecoutedesoi.fr\/?p=550","og_locale":"en_US","og_type":"article","og_title":"STAGE ISTRES : Vendredi 17 avril 2026 - 18h30 \u00e0 20h30 - L&#039;\u00e9coute de soi","og_description":"Atelier m\u00e9ditation et yoga \u00e0 Istres Avec C\u00e9cile notre enseignante de yoga et Claire Picatto intervenante invit\u00e9e specialement pour cet atelier.\u00a0 Nous vous proposons un atelier pour faire une pause, pour soi.Se d\u00e9poser dans les pratiques, se rencontrer soi-m\u00eame en finesse au travers de la m\u00e9ditation de pleine conscience ainsi que des pratiques de yoga [&hellip;]","og_url":"https:\/\/lecoutedesoi.fr\/?p=550","og_site_name":"L&#039;\u00e9coute de soi","article_publisher":"https:\/\/www.facebook.com\/lecoutedesoi.istres\/?locale=fr_FR","article_published_time":"2025-12-22T14:29:08+00:00","article_modified_time":"2026-04-13T11:28:00+00:00","og_image":[{"width":2016,"height":1512,"url":"https:\/\/lecoutedesoi.fr\/wp-content\/uploads\/2025\/11\/IMG_4691.jpg","type":"image\/jpeg"}],"author":"admin1758","twitter_card":"summary_large_image","twitter_misc":{"Written by":"admin1758","Est. reading time":"2 minutes"},"schema":{"@context":"https:\/\/schema.org","@graph":[{"@type":"Article","@id":"https:\/\/lecoutedesoi.fr\/?p=550#article","isPartOf":{"@id":"https:\/\/lecoutedesoi.fr\/?p=550"},"author":{"name":"admin1758","@id":"https:\/\/lecoutedesoi.fr\/#\/schema\/person\/e07fb17c5fabe264bde41ff844f1339e"},"headline":"STAGE ISTRES : Vendredi 17 avril 2026 &#8211; 18h30 \u00e0 20h30","datePublished":"2025-12-22T14:29:08+00:00","dateModified":"2026-04-13T11:28:00+00:00","mainEntityOfPage":{"@id":"https:\/\/lecoutedesoi.fr\/?p=550"},"wordCount":155,"publisher":{"@id":"https:\/\/lecoutedesoi.fr\/#organization"},"image":{"@id":"https:\/\/lecoutedesoi.fr\/?p=550#primaryimage"},"thumbnailUrl":"http:\/\/lecoutedesoi.fr\/wp-content\/uploads\/2025\/11\/IMG_4691.jpg","articleSection":["STAGES A VENIR"],"inLanguage":"en-US"},{"@type":"WebPage","@id":"https:\/\/lecoutedesoi.fr\/?p=550","url":"https:\/\/lecoutedesoi.fr\/?p=550","name":"STAGE ISTRES : Vendredi 17 avril 2026 - 18h30 \u00e0 20h30 - L&#039;\u00e9coute de soi","isPartOf":{"@id":"https:\/\/lecoutedesoi.fr\/#website"},"primaryImageOfPage":{"@id":"https:\/\/lecoutedesoi.fr\/?p=550#primaryimage"},"image":{"@id":"https:\/\/lecoutedesoi.fr\/?p=550#primaryimage"},"thumbnailUrl":"http:\/\/lecoutedesoi.fr\/wp-content\/uploads\/2025\/11\/IMG_4691.jpg","datePublished":"2025-12-22T14:29:08+00:00","dateModified":"2026-04-13T11:28:00+00:00","breadcrumb":{"@id":"https:\/\/lecoutedesoi.fr\/?p=550#breadcrumb"},"inLanguage":"en-US","potentialAction":[{"@type":"ReadAction","target":["https:\/\/lecoutedesoi.fr\/?p=550"]}]},{"@type":"ImageObject","inLanguage":"en-US","@id":"https:\/\/lecoutedesoi.fr\/?p=550#primaryimage","url":"http:\/\/lecoutedesoi.fr\/wp-content\/uploads\/2025\/11\/IMG_4691.jpg","contentUrl":"http:\/\/lecoutedesoi.fr\/wp-content\/uploads\/2025\/11\/IMG_4691.jpg","width":2016,"height":1512},{"@type":"BreadcrumbList","@id":"https:\/\/lecoutedesoi.fr\/?p=550#breadcrumb","itemListElement":[{"@type":"ListItem","position":1,"name":"Home","item":"https:\/\/lecoutedesoi.fr\/"},{"@type":"ListItem","position":2,"name":"STAGE ISTRES : Vendredi 17 avril 2026 &#8211; 18h30 \u00e0 20h30"}]},{"@type":"WebSite","@id":"https:\/\/lecoutedesoi.fr\/#website","url":"https:\/\/lecoutedesoi.fr\/","name":"L'\u00e9coute de soi","description":"","publisher":{"@id":"https:\/\/lecoutedesoi.fr\/#organization"},"potentialAction":[{"@type":"SearchAction","target":{"@type":"EntryPoint","urlTemplate":"https:\/\/lecoutedesoi.fr\/?s={search_term_string}"},"query-input":{"@type":"PropertyValueSpecification","valueRequired":true,"valueName":"search_term_string"}}],"inLanguage":"en-US"},{"@type":"Organization","@id":"https:\/\/lecoutedesoi.fr\/#organization","name":"L'\u00e9coute de soi","url":"https:\/\/lecoutedesoi.fr\/","logo":{"@type":"ImageObject","inLanguage":"en-US","@id":"https:\/\/lecoutedesoi.fr\/#\/schema\/logo\/image\/","url":"http:\/\/lecoutedesoi.fr\/wp-content\/uploads\/2025\/10\/logo-ecoutedesoi2-scaled.png","contentUrl":"http:\/\/lecoutedesoi.fr\/wp-content\/uploads\/2025\/10\/logo-ecoutedesoi2-scaled.png","width":2158,"height":2560,"caption":"L'\u00e9coute de soi"},"image":{"@id":"https:\/\/lecoutedesoi.fr\/#\/schema\/logo\/image\/"},"sameAs":["https:\/\/www.facebook.com\/lecoutedesoi.istres\/?locale=fr_FR"]},{"@type":"Person","@id":"https:\/\/lecoutedesoi.fr\/#\/schema\/person\/e07fb17c5fabe264bde41ff844f1339e","name":"admin1758","image":{"@type":"ImageObject","inLanguage":"en-US","@id":"https:\/\/lecoutedesoi.fr\/#\/schema\/person\/image\/","url":"https:\/\/secure.gravatar.com\/avatar\/51cc86765db1ba80ebbfbae9738a071c11fe9432ccb98933deb7486e1b1dd370?s=96&d=mm&r=g","contentUrl":"https:\/\/secure.gravatar.com\/avatar\/51cc86765db1ba80ebbfbae9738a071c11fe9432ccb98933deb7486e1b1dd370?s=96&d=mm&r=g","caption":"admin1758"},"sameAs":["http:\/\/lecoutedesoi.fr"],"url":"http:\/\/lecoutedesoi.fr\/?author=1"}]}},"_links":{"self":[{"href":"http:\/\/lecoutedesoi.fr\/index.php?rest_route=\/wp\/v2\/posts\/550","targetHints":{"allow":["GET"]}}],"collection":[{"href":"http:\/\/lecoutedesoi.fr\/index.php?rest_route=\/wp\/v2\/posts"}],"about":[{"href":"http:\/\/lecoutedesoi.fr\/index.php?rest_route=\/wp\/v2\/types\/post"}],"author":[{"embeddable":true,"href":"http:\/\/lecoutedesoi.fr\/index.php?rest_route=\/wp\/v2\/users\/1"}],"replies":[{"embeddable":true,"href":"http:\/\/lecoutedesoi.fr\/index.php?rest_route=%2Fwp%2Fv2%2Fcomments&post=550"}],"version-history":[{"count":19,"href":"http:\/\/lecoutedesoi.fr\/index.php?rest_route=\/wp\/v2\/posts\/550\/revisions"}],"predecessor-version":[{"id":780,"href":"http:\/\/lecoutedesoi.fr\/index.php?rest_route=\/wp\/v2\/posts\/550\/revisions\/780"}],"wp:featuredmedia":[{"embeddable":true,"href":"http:\/\/lecoutedesoi.fr\/index.php?rest_route=\/wp\/v2\/media\/495"}],"wp:attachment":[{"href":"http:\/\/lecoutedesoi.fr\/index.php?rest_route=%2Fwp%2Fv2%2Fmedia&parent=550"}],"wp:term":[{"taxonomy":"category","embeddable":true,"href":"http:\/\/lecoutedesoi.fr\/index.php?rest_route=%2Fwp%2Fv2%2Fcategories&post=550"},{"taxonomy":"post_tag","embeddable":true,"href":"http:\/\/lecoutedesoi.fr\/index.php?rest_route=%2Fwp%2Fv2%2Ftags&post=550"}],"curies":[{"name":"wp","href":"https:\/\/api.w.org\/{rel}","templated":true}]}}