{"id":604,"date":"2025-12-22T14:27:16","date_gmt":"2025-12-22T14:27:16","guid":{"rendered":"http:\/\/lecoutedesoi.fr\/?p=604"},"modified":"2026-04-13T11:25:50","modified_gmt":"2026-04-13T11:25:50","slug":"elementor-604","status":"publish","type":"post","link":"http:\/\/lecoutedesoi.fr\/?p=604","title":{"rendered":"STAGE ISTRES : Dimanche 29 mars 2026 &#8211; 9h00 \u00e0 12h00"},"content":{"rendered":"\t\t<div data-elementor-type=\"wp-post\" data-elementor-id=\"604\" class=\"elementor elementor-604\" data-elementor-post-type=\"post\">\n\t\t\t\t<div class=\"elementor-element elementor-element-55c5a98b e-flex e-con-boxed e-con e-parent\" data-id=\"55c5a98b\" data-element_type=\"container\">\n\t\t\t\t\t<div class=\"e-con-inner\">\n\t\t\t\t<div class=\"elementor-element elementor-element-4ec6fe0d elementor-widget__width-initial elementor-widget elementor-widget-image\" data-id=\"4ec6fe0d\" data-element_type=\"widget\" data-widget_type=\"image.default\">\n\t\t\t\t<div class=\"elementor-widget-container\">\n\t\t\t\t\t\t\t\t\t\t\t\t\t\t\t<img fetchpriority=\"high\" decoding=\"async\" width=\"724\" height=\"1024\" src=\"http:\/\/lecoutedesoi.fr\/wp-content\/uploads\/2025\/12\/atelier-yoga-29-mars-2026-printemps--724x1024.png\" class=\"attachment-large size-large wp-image-692\" alt=\"\" srcset=\"http:\/\/lecoutedesoi.fr\/wp-content\/uploads\/2025\/12\/atelier-yoga-29-mars-2026-printemps--724x1024.png 724w, http:\/\/lecoutedesoi.fr\/wp-content\/uploads\/2025\/12\/atelier-yoga-29-mars-2026-printemps--212x300.png 212w, http:\/\/lecoutedesoi.fr\/wp-content\/uploads\/2025\/12\/atelier-yoga-29-mars-2026-printemps--768x1086.png 768w, http:\/\/lecoutedesoi.fr\/wp-content\/uploads\/2025\/12\/atelier-yoga-29-mars-2026-printemps--1086x1536.png 1086w, http:\/\/lecoutedesoi.fr\/wp-content\/uploads\/2025\/12\/atelier-yoga-29-mars-2026-printemps-.png 1414w\" sizes=\"(max-width: 724px) 100vw, 724px\" \/>\t\t\t\t\t\t\t\t\t\t\t\t\t\t\t<\/div>\n\t\t\t\t<\/div>\n\t\t<div class=\"elementor-element elementor-element-38722e1e e-con-full e-flex e-con e-child\" data-id=\"38722e1e\" data-element_type=\"container\">\n\t\t<div class=\"elementor-element elementor-element-14093353 e-con-full e-flex e-con e-child\" data-id=\"14093353\" data-element_type=\"container\">\n\t\t\t\t<div class=\"elementor-element elementor-element-45907c57 elementor-widget elementor-widget-heading\" data-id=\"45907c57\" data-element_type=\"widget\" data-widget_type=\"heading.default\">\n\t\t\t\t<div class=\"elementor-widget-container\">\n\t\t\t\t\t<h2 class=\"elementor-heading-title elementor-size-default\">Stage \u00e0 Istres<\/h2>\t\t\t\t<\/div>\n\t\t\t\t<\/div>\n\t\t\t\t<div class=\"elementor-element elementor-element-701f968b elementor-widget elementor-widget-text-editor\" data-id=\"701f968b\" data-element_type=\"widget\" data-widget_type=\"text-editor.default\">\n\t\t\t\t<div class=\"elementor-widget-container\">\n\t\t\t\t\t\t\t\t\t<p>Dimanche 29 mars 2026 de 9h00 \u00e0 12h00 \/ Maison de quartier de Trigance, avenue des ajoncs, 13800 Istres<\/p>\t\t\t\t\t\t\t\t<\/div>\n\t\t\t\t<\/div>\n\t\t\t\t<div class=\"elementor-element elementor-element-7bb1b967 elementor-widget elementor-widget-text-editor\" data-id=\"7bb1b967\" data-element_type=\"widget\" data-widget_type=\"text-editor.default\">\n\t\t\t\t<div class=\"elementor-widget-container\">\n\t\t\t\t\t\t\t\t\t<p><strong>Lors de cet atelier sur le th\u00e8me du printemps, nos explorations se feront par le yoga biens\u00fbr, les pranayamas (respirations sp\u00e9cifiques), les sons (mantra, voyelles) et la danse libre. Des pratiques vari\u00e9es pour enrichir l&#8217;exp\u00e9rience, une matin\u00e9e dans la profondeur et dans la joie ! <\/strong><\/p><p><strong>Cet atelier est acc\u00e9ssible \u00e0 tous.\u00a0<\/strong><\/p>\t\t\t\t\t\t\t\t<\/div>\n\t\t\t\t<\/div>\n\t\t\t\t<\/div>\n\t\t\t\t<\/div>\n\t\t\t\t\t<\/div>\n\t\t\t\t<\/div>\n\t\t\t\t<\/div>\n\t\t","protected":false},"excerpt":{"rendered":"<p>Stage \u00e0 Istres Dimanche 29 mars 2026 de 9h00 \u00e0 12h00 \/ Maison de quartier de Trigance, avenue des ajoncs, 13800 Istres Lors de cet atelier sur le th\u00e8me du printemps, nos explorations se feront par le yoga biens\u00fbr, les pranayamas (respirations sp\u00e9cifiques), les sons (mantra, voyelles) et la danse libre. Des pratiques vari\u00e9es pour [&hellip;]<\/p>\n","protected":false},"author":1,"featured_media":519,"comment_status":"closed","ping_status":"closed","sticky":false,"template":"","format":"standard","meta":{"_acf_changed":false,"footnotes":""},"categories":[8],"tags":[],"class_list":["post-604","post","type-post","status-publish","format-standard","has-post-thumbnail","hentry","category-stages-a-venir"],"acf":[],"yoast_head":"<!-- This site is optimized with the Yoast SEO plugin v26.3 - https:\/\/yoast.com\/wordpress\/plugins\/seo\/ -->\n<title>STAGE ISTRES : Dimanche 29 mars 2026 - 9h00 \u00e0 12h00 - L&#039;\u00e9coute de soi<\/title>\n<meta name=\"robots\" content=\"index, follow, max-snippet:-1, max-image-preview:large, max-video-preview:-1\" \/>\n<link rel=\"canonical\" href=\"http:\/\/lecoutedesoi.fr\/?p=604\" \/>\n<meta property=\"og:locale\" content=\"en_US\" \/>\n<meta property=\"og:type\" content=\"article\" \/>\n<meta property=\"og:title\" content=\"STAGE ISTRES : Dimanche 29 mars 2026 - 9h00 \u00e0 12h00 - L&#039;\u00e9coute de soi\" \/>\n<meta property=\"og:description\" content=\"Stage \u00e0 Istres Dimanche 29 mars 2026 de 9h00 \u00e0 12h00 \/ Maison de quartier de Trigance, avenue des ajoncs, 13800 Istres Lors de cet atelier sur le th\u00e8me du printemps, nos explorations se feront par le yoga biens\u00fbr, les pranayamas (respirations sp\u00e9cifiques), les sons (mantra, voyelles) et la danse libre. Des pratiques vari\u00e9es pour [&hellip;]\" \/>\n<meta property=\"og:url\" content=\"http:\/\/lecoutedesoi.fr\/?p=604\" \/>\n<meta property=\"og:site_name\" content=\"L&#039;\u00e9coute de soi\" \/>\n<meta property=\"article:publisher\" content=\"https:\/\/www.facebook.com\/lecoutedesoi.istres\/?locale=fr_FR\" \/>\n<meta property=\"article:published_time\" content=\"2025-12-22T14:27:16+00:00\" \/>\n<meta property=\"article:modified_time\" content=\"2026-04-13T11:25:50+00:00\" \/>\n<meta property=\"og:image\" content=\"http:\/\/lecoutedesoi.fr\/wp-content\/uploads\/2025\/12\/IMG_4658.jpg\" \/>\n\t<meta property=\"og:image:width\" content=\"1512\" \/>\n\t<meta property=\"og:image:height\" content=\"2016\" \/>\n\t<meta property=\"og:image:type\" content=\"image\/jpeg\" \/>\n<meta name=\"author\" content=\"admin1758\" \/>\n<meta name=\"twitter:card\" content=\"summary_large_image\" \/>\n<meta name=\"twitter:label1\" content=\"Written by\" \/>\n\t<meta name=\"twitter:data1\" content=\"admin1758\" \/>\n\t<meta name=\"twitter:label2\" content=\"Est. reading time\" \/>\n\t<meta name=\"twitter:data2\" content=\"1 minute\" \/>\n<script type=\"application\/ld+json\" class=\"yoast-schema-graph\">{\"@context\":\"https:\/\/schema.org\",\"@graph\":[{\"@type\":\"Article\",\"@id\":\"http:\/\/lecoutedesoi.fr\/?p=604#article\",\"isPartOf\":{\"@id\":\"http:\/\/lecoutedesoi.fr\/?p=604\"},\"author\":{\"name\":\"admin1758\",\"@id\":\"https:\/\/lecoutedesoi.fr\/#\/schema\/person\/e07fb17c5fabe264bde41ff844f1339e\"},\"headline\":\"STAGE ISTRES : Dimanche 29 mars 2026 &#8211; 9h00 \u00e0 12h00\",\"datePublished\":\"2025-12-22T14:27:16+00:00\",\"dateModified\":\"2026-04-13T11:25:50+00:00\",\"mainEntityOfPage\":{\"@id\":\"http:\/\/lecoutedesoi.fr\/?p=604\"},\"wordCount\":79,\"publisher\":{\"@id\":\"https:\/\/lecoutedesoi.fr\/#organization\"},\"image\":{\"@id\":\"http:\/\/lecoutedesoi.fr\/?p=604#primaryimage\"},\"thumbnailUrl\":\"http:\/\/lecoutedesoi.fr\/wp-content\/uploads\/2025\/12\/IMG_4658.jpg\",\"articleSection\":[\"STAGES A VENIR\"],\"inLanguage\":\"en-US\"},{\"@type\":\"WebPage\",\"@id\":\"http:\/\/lecoutedesoi.fr\/?p=604\",\"url\":\"http:\/\/lecoutedesoi.fr\/?p=604\",\"name\":\"STAGE ISTRES : Dimanche 29 mars 2026 - 9h00 \u00e0 12h00 - L&#039;\u00e9coute de soi\",\"isPartOf\":{\"@id\":\"https:\/\/lecoutedesoi.fr\/#website\"},\"primaryImageOfPage\":{\"@id\":\"http:\/\/lecoutedesoi.fr\/?p=604#primaryimage\"},\"image\":{\"@id\":\"http:\/\/lecoutedesoi.fr\/?p=604#primaryimage\"},\"thumbnailUrl\":\"http:\/\/lecoutedesoi.fr\/wp-content\/uploads\/2025\/12\/IMG_4658.jpg\",\"datePublished\":\"2025-12-22T14:27:16+00:00\",\"dateModified\":\"2026-04-13T11:25:50+00:00\",\"breadcrumb\":{\"@id\":\"http:\/\/lecoutedesoi.fr\/?p=604#breadcrumb\"},\"inLanguage\":\"en-US\",\"potentialAction\":[{\"@type\":\"ReadAction\",\"target\":[\"http:\/\/lecoutedesoi.fr\/?p=604\"]}]},{\"@type\":\"ImageObject\",\"inLanguage\":\"en-US\",\"@id\":\"http:\/\/lecoutedesoi.fr\/?p=604#primaryimage\",\"url\":\"http:\/\/lecoutedesoi.fr\/wp-content\/uploads\/2025\/12\/IMG_4658.jpg\",\"contentUrl\":\"http:\/\/lecoutedesoi.fr\/wp-content\/uploads\/2025\/12\/IMG_4658.jpg\",\"width\":1512,\"height\":2016},{\"@type\":\"BreadcrumbList\",\"@id\":\"http:\/\/lecoutedesoi.fr\/?p=604#breadcrumb\",\"itemListElement\":[{\"@type\":\"ListItem\",\"position\":1,\"name\":\"Home\",\"item\":\"https:\/\/lecoutedesoi.fr\/\"},{\"@type\":\"ListItem\",\"position\":2,\"name\":\"STAGE ISTRES : Dimanche 29 mars 2026 &#8211; 9h00 \u00e0 12h00\"}]},{\"@type\":\"WebSite\",\"@id\":\"https:\/\/lecoutedesoi.fr\/#website\",\"url\":\"https:\/\/lecoutedesoi.fr\/\",\"name\":\"L'\u00e9coute de soi\",\"description\":\"\",\"publisher\":{\"@id\":\"https:\/\/lecoutedesoi.fr\/#organization\"},\"potentialAction\":[{\"@type\":\"SearchAction\",\"target\":{\"@type\":\"EntryPoint\",\"urlTemplate\":\"https:\/\/lecoutedesoi.fr\/?s={search_term_string}\"},\"query-input\":{\"@type\":\"PropertyValueSpecification\",\"valueRequired\":true,\"valueName\":\"search_term_string\"}}],\"inLanguage\":\"en-US\"},{\"@type\":\"Organization\",\"@id\":\"https:\/\/lecoutedesoi.fr\/#organization\",\"name\":\"L'\u00e9coute de soi\",\"url\":\"https:\/\/lecoutedesoi.fr\/\",\"logo\":{\"@type\":\"ImageObject\",\"inLanguage\":\"en-US\",\"@id\":\"https:\/\/lecoutedesoi.fr\/#\/schema\/logo\/image\/\",\"url\":\"http:\/\/lecoutedesoi.fr\/wp-content\/uploads\/2025\/10\/logo-ecoutedesoi2-scaled.png\",\"contentUrl\":\"http:\/\/lecoutedesoi.fr\/wp-content\/uploads\/2025\/10\/logo-ecoutedesoi2-scaled.png\",\"width\":2158,\"height\":2560,\"caption\":\"L'\u00e9coute de soi\"},\"image\":{\"@id\":\"https:\/\/lecoutedesoi.fr\/#\/schema\/logo\/image\/\"},\"sameAs\":[\"https:\/\/www.facebook.com\/lecoutedesoi.istres\/?locale=fr_FR\"]},{\"@type\":\"Person\",\"@id\":\"https:\/\/lecoutedesoi.fr\/#\/schema\/person\/e07fb17c5fabe264bde41ff844f1339e\",\"name\":\"admin1758\",\"image\":{\"@type\":\"ImageObject\",\"inLanguage\":\"en-US\",\"@id\":\"https:\/\/lecoutedesoi.fr\/#\/schema\/person\/image\/\",\"url\":\"https:\/\/secure.gravatar.com\/avatar\/51cc86765db1ba80ebbfbae9738a071c11fe9432ccb98933deb7486e1b1dd370?s=96&d=mm&r=g\",\"contentUrl\":\"https:\/\/secure.gravatar.com\/avatar\/51cc86765db1ba80ebbfbae9738a071c11fe9432ccb98933deb7486e1b1dd370?s=96&d=mm&r=g\",\"caption\":\"admin1758\"},\"sameAs\":[\"http:\/\/lecoutedesoi.fr\"],\"url\":\"http:\/\/lecoutedesoi.fr\/?author=1\"}]}<\/script>\n<!-- \/ Yoast SEO plugin. -->","yoast_head_json":{"title":"STAGE ISTRES : Dimanche 29 mars 2026 - 9h00 \u00e0 12h00 - L&#039;\u00e9coute de soi","robots":{"index":"index","follow":"follow","max-snippet":"max-snippet:-1","max-image-preview":"max-image-preview:large","max-video-preview":"max-video-preview:-1"},"canonical":"http:\/\/lecoutedesoi.fr\/?p=604","og_locale":"en_US","og_type":"article","og_title":"STAGE ISTRES : Dimanche 29 mars 2026 - 9h00 \u00e0 12h00 - L&#039;\u00e9coute de soi","og_description":"Stage \u00e0 Istres Dimanche 29 mars 2026 de 9h00 \u00e0 12h00 \/ Maison de quartier de Trigance, avenue des ajoncs, 13800 Istres Lors de cet atelier sur le th\u00e8me du printemps, nos explorations se feront par le yoga biens\u00fbr, les pranayamas (respirations sp\u00e9cifiques), les sons (mantra, voyelles) et la danse libre. Des pratiques vari\u00e9es pour [&hellip;]","og_url":"http:\/\/lecoutedesoi.fr\/?p=604","og_site_name":"L&#039;\u00e9coute de soi","article_publisher":"https:\/\/www.facebook.com\/lecoutedesoi.istres\/?locale=fr_FR","article_published_time":"2025-12-22T14:27:16+00:00","article_modified_time":"2026-04-13T11:25:50+00:00","og_image":[{"width":1512,"height":2016,"url":"http:\/\/lecoutedesoi.fr\/wp-content\/uploads\/2025\/12\/IMG_4658.jpg","type":"image\/jpeg"}],"author":"admin1758","twitter_card":"summary_large_image","twitter_misc":{"Written by":"admin1758","Est. reading time":"1 minute"},"schema":{"@context":"https:\/\/schema.org","@graph":[{"@type":"Article","@id":"http:\/\/lecoutedesoi.fr\/?p=604#article","isPartOf":{"@id":"http:\/\/lecoutedesoi.fr\/?p=604"},"author":{"name":"admin1758","@id":"https:\/\/lecoutedesoi.fr\/#\/schema\/person\/e07fb17c5fabe264bde41ff844f1339e"},"headline":"STAGE ISTRES : Dimanche 29 mars 2026 &#8211; 9h00 \u00e0 12h00","datePublished":"2025-12-22T14:27:16+00:00","dateModified":"2026-04-13T11:25:50+00:00","mainEntityOfPage":{"@id":"http:\/\/lecoutedesoi.fr\/?p=604"},"wordCount":79,"publisher":{"@id":"https:\/\/lecoutedesoi.fr\/#organization"},"image":{"@id":"http:\/\/lecoutedesoi.fr\/?p=604#primaryimage"},"thumbnailUrl":"http:\/\/lecoutedesoi.fr\/wp-content\/uploads\/2025\/12\/IMG_4658.jpg","articleSection":["STAGES A VENIR"],"inLanguage":"en-US"},{"@type":"WebPage","@id":"http:\/\/lecoutedesoi.fr\/?p=604","url":"http:\/\/lecoutedesoi.fr\/?p=604","name":"STAGE ISTRES : Dimanche 29 mars 2026 - 9h00 \u00e0 12h00 - L&#039;\u00e9coute de soi","isPartOf":{"@id":"https:\/\/lecoutedesoi.fr\/#website"},"primaryImageOfPage":{"@id":"http:\/\/lecoutedesoi.fr\/?p=604#primaryimage"},"image":{"@id":"http:\/\/lecoutedesoi.fr\/?p=604#primaryimage"},"thumbnailUrl":"http:\/\/lecoutedesoi.fr\/wp-content\/uploads\/2025\/12\/IMG_4658.jpg","datePublished":"2025-12-22T14:27:16+00:00","dateModified":"2026-04-13T11:25:50+00:00","breadcrumb":{"@id":"http:\/\/lecoutedesoi.fr\/?p=604#breadcrumb"},"inLanguage":"en-US","potentialAction":[{"@type":"ReadAction","target":["http:\/\/lecoutedesoi.fr\/?p=604"]}]},{"@type":"ImageObject","inLanguage":"en-US","@id":"http:\/\/lecoutedesoi.fr\/?p=604#primaryimage","url":"http:\/\/lecoutedesoi.fr\/wp-content\/uploads\/2025\/12\/IMG_4658.jpg","contentUrl":"http:\/\/lecoutedesoi.fr\/wp-content\/uploads\/2025\/12\/IMG_4658.jpg","width":1512,"height":2016},{"@type":"BreadcrumbList","@id":"http:\/\/lecoutedesoi.fr\/?p=604#breadcrumb","itemListElement":[{"@type":"ListItem","position":1,"name":"Home","item":"https:\/\/lecoutedesoi.fr\/"},{"@type":"ListItem","position":2,"name":"STAGE ISTRES : Dimanche 29 mars 2026 &#8211; 9h00 \u00e0 12h00"}]},{"@type":"WebSite","@id":"https:\/\/lecoutedesoi.fr\/#website","url":"https:\/\/lecoutedesoi.fr\/","name":"L'\u00e9coute de soi","description":"","publisher":{"@id":"https:\/\/lecoutedesoi.fr\/#organization"},"potentialAction":[{"@type":"SearchAction","target":{"@type":"EntryPoint","urlTemplate":"https:\/\/lecoutedesoi.fr\/?s={search_term_string}"},"query-input":{"@type":"PropertyValueSpecification","valueRequired":true,"valueName":"search_term_string"}}],"inLanguage":"en-US"},{"@type":"Organization","@id":"https:\/\/lecoutedesoi.fr\/#organization","name":"L'\u00e9coute de soi","url":"https:\/\/lecoutedesoi.fr\/","logo":{"@type":"ImageObject","inLanguage":"en-US","@id":"https:\/\/lecoutedesoi.fr\/#\/schema\/logo\/image\/","url":"http:\/\/lecoutedesoi.fr\/wp-content\/uploads\/2025\/10\/logo-ecoutedesoi2-scaled.png","contentUrl":"http:\/\/lecoutedesoi.fr\/wp-content\/uploads\/2025\/10\/logo-ecoutedesoi2-scaled.png","width":2158,"height":2560,"caption":"L'\u00e9coute de soi"},"image":{"@id":"https:\/\/lecoutedesoi.fr\/#\/schema\/logo\/image\/"},"sameAs":["https:\/\/www.facebook.com\/lecoutedesoi.istres\/?locale=fr_FR"]},{"@type":"Person","@id":"https:\/\/lecoutedesoi.fr\/#\/schema\/person\/e07fb17c5fabe264bde41ff844f1339e","name":"admin1758","image":{"@type":"ImageObject","inLanguage":"en-US","@id":"https:\/\/lecoutedesoi.fr\/#\/schema\/person\/image\/","url":"https:\/\/secure.gravatar.com\/avatar\/51cc86765db1ba80ebbfbae9738a071c11fe9432ccb98933deb7486e1b1dd370?s=96&d=mm&r=g","contentUrl":"https:\/\/secure.gravatar.com\/avatar\/51cc86765db1ba80ebbfbae9738a071c11fe9432ccb98933deb7486e1b1dd370?s=96&d=mm&r=g","caption":"admin1758"},"sameAs":["http:\/\/lecoutedesoi.fr"],"url":"http:\/\/lecoutedesoi.fr\/?author=1"}]}},"_links":{"self":[{"href":"http:\/\/lecoutedesoi.fr\/index.php?rest_route=\/wp\/v2\/posts\/604","targetHints":{"allow":["GET"]}}],"collection":[{"href":"http:\/\/lecoutedesoi.fr\/index.php?rest_route=\/wp\/v2\/posts"}],"about":[{"href":"http:\/\/lecoutedesoi.fr\/index.php?rest_route=\/wp\/v2\/types\/post"}],"author":[{"embeddable":true,"href":"http:\/\/lecoutedesoi.fr\/index.php?rest_route=\/wp\/v2\/users\/1"}],"replies":[{"embeddable":true,"href":"http:\/\/lecoutedesoi.fr\/index.php?rest_route=%2Fwp%2Fv2%2Fcomments&post=604"}],"version-history":[{"count":31,"href":"http:\/\/lecoutedesoi.fr\/index.php?rest_route=\/wp\/v2\/posts\/604\/revisions"}],"predecessor-version":[{"id":777,"href":"http:\/\/lecoutedesoi.fr\/index.php?rest_route=\/wp\/v2\/posts\/604\/revisions\/777"}],"wp:featuredmedia":[{"embeddable":true,"href":"http:\/\/lecoutedesoi.fr\/index.php?rest_route=\/wp\/v2\/media\/519"}],"wp:attachment":[{"href":"http:\/\/lecoutedesoi.fr\/index.php?rest_route=%2Fwp%2Fv2%2Fmedia&parent=604"}],"wp:term":[{"taxonomy":"category","embeddable":true,"href":"http:\/\/lecoutedesoi.fr\/index.php?rest_route=%2Fwp%2Fv2%2Fcategories&post=604"},{"taxonomy":"post_tag","embeddable":true,"href":"http:\/\/lecoutedesoi.fr\/index.php?rest_route=%2Fwp%2Fv2%2Ftags&post=604"}],"curies":[{"name":"wp","href":"https:\/\/api.w.org\/{rel}","templated":true}]}}