{"id":610,"date":"2025-12-22T14:28:11","date_gmt":"2025-12-22T14:28:11","guid":{"rendered":"http:\/\/lecoutedesoi.fr\/?p=610"},"modified":"2026-04-13T11:23:42","modified_gmt":"2026-04-13T11:23:42","slug":"elementor-610","status":"publish","type":"post","link":"http:\/\/lecoutedesoi.fr\/?p=610","title":{"rendered":"WEEK-END YOGA : Du vendredi 10 au dimanche 12 avril 2026"},"content":{"rendered":"\t\t<div data-elementor-type=\"wp-post\" data-elementor-id=\"610\" class=\"elementor elementor-610\" data-elementor-post-type=\"post\">\n\t\t\t\t<div class=\"elementor-element elementor-element-2d97e1d5 e-flex e-con-boxed e-con e-parent\" data-id=\"2d97e1d5\" data-element_type=\"container\">\n\t\t\t\t\t<div class=\"e-con-inner\">\n\t\t\t\t<div class=\"elementor-element elementor-element-12032faa elementor-widget__width-initial elementor-widget elementor-widget-image\" data-id=\"12032faa\" data-element_type=\"widget\" data-widget_type=\"image.default\">\n\t\t\t\t<div class=\"elementor-widget-container\">\n\t\t\t\t\t\t\t\t\t\t\t\t\t\t\t<img fetchpriority=\"high\" decoding=\"async\" width=\"724\" height=\"1024\" src=\"http:\/\/lecoutedesoi.fr\/wp-content\/uploads\/2025\/12\/retraite-yoga-et-geometrie-sacree-gard-724x1024.png\" class=\"attachment-large size-large wp-image-735\" alt=\"\" srcset=\"http:\/\/lecoutedesoi.fr\/wp-content\/uploads\/2025\/12\/retraite-yoga-et-geometrie-sacree-gard-724x1024.png 724w, http:\/\/lecoutedesoi.fr\/wp-content\/uploads\/2025\/12\/retraite-yoga-et-geometrie-sacree-gard-212x300.png 212w, http:\/\/lecoutedesoi.fr\/wp-content\/uploads\/2025\/12\/retraite-yoga-et-geometrie-sacree-gard-768x1086.png 768w, http:\/\/lecoutedesoi.fr\/wp-content\/uploads\/2025\/12\/retraite-yoga-et-geometrie-sacree-gard-1086x1536.png 1086w, http:\/\/lecoutedesoi.fr\/wp-content\/uploads\/2025\/12\/retraite-yoga-et-geometrie-sacree-gard.png 1414w\" sizes=\"(max-width: 724px) 100vw, 724px\" \/>\t\t\t\t\t\t\t\t\t\t\t\t\t\t\t<\/div>\n\t\t\t\t<\/div>\n\t\t<div class=\"elementor-element elementor-element-5b51663d e-con-full e-flex e-con e-child\" data-id=\"5b51663d\" data-element_type=\"container\">\n\t\t<div class=\"elementor-element elementor-element-697a16e9 e-con-full e-flex e-con e-child\" data-id=\"697a16e9\" data-element_type=\"container\">\n\t\t\t\t<div class=\"elementor-element elementor-element-3e5214a6 elementor-widget elementor-widget-heading\" data-id=\"3e5214a6\" data-element_type=\"widget\" data-widget_type=\"heading.default\">\n\t\t\t\t<div class=\"elementor-widget-container\">\n\t\t\t\t\t<h2 class=\"elementor-heading-title elementor-size-default\">Retraite : la rencontre du yoga et de la g\u00e9om\u00e9trie sacr\u00e9e\n<\/h2>\t\t\t\t<\/div>\n\t\t\t\t<\/div>\n\t\t\t\t<div class=\"elementor-element elementor-element-61d51b70 elementor-widget elementor-widget-text-editor\" data-id=\"61d51b70\" data-element_type=\"widget\" data-widget_type=\"text-editor.default\">\n\t\t\t\t<div class=\"elementor-widget-container\">\n\t\t\t\t\t\t\t\t\t<p>Du vendredi 10 avril 2026 17h au dimanche 12 avril 17h.<\/p><p>Souffle Harmonie, chez Anna Boulieu, 726 chemin du brugas, Saint Paulet de Caisson 30130 Gard.<\/p><p>\u00a0<\/p>\t\t\t\t\t\t\t\t<\/div>\n\t\t\t\t<\/div>\n\t\t\t\t<div class=\"elementor-element elementor-element-4e3efa63 elementor-widget elementor-widget-text-editor\" data-id=\"4e3efa63\" data-element_type=\"widget\" data-widget_type=\"text-editor.default\">\n\t\t\t\t<div class=\"elementor-widget-container\">\n\t\t\t\t\t\t\t\t\t<p><strong>La g\u00e9om\u00e9trie sacr\u00e9e est un langage universel qui nous parle de la nature de la r\u00e9alit\u00e9. Elle est pr\u00e9sente dans toute la cr\u00e9ation, de la structure de l&#8217;atome \u00e0 la spirale des galaxies. Elle est \u00e9galement pr\u00e9sente dans de nombreuses traditions spirituelles. <\/strong><\/p><p><strong>Cette retraite est un voyage d&#8217;exploration de la g\u00e9om\u00e9trie sacr\u00e9e reliant le yoga, diverses formes de m\u00e9ditation, les mouvements somatiques (\u00e9veiller la conscience de nos fascias) et enfin la danse libre.<\/strong><\/p><p><strong>Un programme vari\u00e9, nourrissant notre \u00eatre dans toutes ses dimensions.<\/strong><\/p><p>\u00a0<\/p>\t\t\t\t\t\t\t\t<\/div>\n\t\t\t\t<\/div>\n\t\t\t\t<\/div>\n\t\t\t\t<\/div>\n\t\t\t\t\t<\/div>\n\t\t\t\t<\/div>\n\t\t\t\t<\/div>\n\t\t","protected":false},"excerpt":{"rendered":"<p>Retraite : la rencontre du yoga et de la g\u00e9om\u00e9trie sacr\u00e9e Du vendredi 10 avril 2026 17h au dimanche 12 avril 17h. Souffle Harmonie, chez Anna Boulieu, 726 chemin du brugas, Saint Paulet de Caisson 30130 Gard. \u00a0 La g\u00e9om\u00e9trie sacr\u00e9e est un langage universel qui nous parle de la nature de la r\u00e9alit\u00e9. Elle [&hellip;]<\/p>\n","protected":false},"author":1,"featured_media":544,"comment_status":"closed","ping_status":"closed","sticky":false,"template":"","format":"standard","meta":{"_acf_changed":false,"footnotes":""},"categories":[8],"tags":[],"class_list":["post-610","post","type-post","status-publish","format-standard","has-post-thumbnail","hentry","category-stages-a-venir"],"acf":[],"yoast_head":"<!-- This site is optimized with the Yoast SEO plugin v26.3 - https:\/\/yoast.com\/wordpress\/plugins\/seo\/ -->\n<title>WEEK-END YOGA : Du vendredi 10 au dimanche 12 avril 2026 - L&#039;\u00e9coute de soi<\/title>\n<meta name=\"robots\" content=\"index, follow, max-snippet:-1, max-image-preview:large, max-video-preview:-1\" \/>\n<link rel=\"canonical\" href=\"http:\/\/lecoutedesoi.fr\/?p=610\" \/>\n<meta property=\"og:locale\" content=\"en_US\" \/>\n<meta property=\"og:type\" content=\"article\" \/>\n<meta property=\"og:title\" content=\"WEEK-END YOGA : Du vendredi 10 au dimanche 12 avril 2026 - L&#039;\u00e9coute de soi\" \/>\n<meta property=\"og:description\" content=\"Retraite : la rencontre du yoga et de la g\u00e9om\u00e9trie sacr\u00e9e Du vendredi 10 avril 2026 17h au dimanche 12 avril 17h. Souffle Harmonie, chez Anna Boulieu, 726 chemin du brugas, Saint Paulet de Caisson 30130 Gard. \u00a0 La g\u00e9om\u00e9trie sacr\u00e9e est un langage universel qui nous parle de la nature de la r\u00e9alit\u00e9. Elle [&hellip;]\" \/>\n<meta property=\"og:url\" content=\"http:\/\/lecoutedesoi.fr\/?p=610\" \/>\n<meta property=\"og:site_name\" content=\"L&#039;\u00e9coute de soi\" \/>\n<meta property=\"article:publisher\" content=\"https:\/\/www.facebook.com\/lecoutedesoi.istres\/?locale=fr_FR\" \/>\n<meta property=\"article:published_time\" content=\"2025-12-22T14:28:11+00:00\" \/>\n<meta property=\"article:modified_time\" content=\"2026-04-13T11:23:42+00:00\" \/>\n<meta property=\"og:image\" content=\"http:\/\/lecoutedesoi.fr\/wp-content\/uploads\/2025\/12\/IMG_4573.jpg\" \/>\n\t<meta property=\"og:image:width\" content=\"590\" \/>\n\t<meta property=\"og:image:height\" content=\"640\" \/>\n\t<meta property=\"og:image:type\" content=\"image\/jpeg\" \/>\n<meta name=\"author\" content=\"admin1758\" \/>\n<meta name=\"twitter:card\" content=\"summary_large_image\" \/>\n<meta name=\"twitter:label1\" content=\"Written by\" \/>\n\t<meta name=\"twitter:data1\" content=\"admin1758\" \/>\n\t<meta name=\"twitter:label2\" content=\"Est. reading time\" \/>\n\t<meta name=\"twitter:data2\" content=\"1 minute\" \/>\n<script type=\"application\/ld+json\" class=\"yoast-schema-graph\">{\"@context\":\"https:\/\/schema.org\",\"@graph\":[{\"@type\":\"Article\",\"@id\":\"http:\/\/lecoutedesoi.fr\/?p=610#article\",\"isPartOf\":{\"@id\":\"http:\/\/lecoutedesoi.fr\/?p=610\"},\"author\":{\"name\":\"admin1758\",\"@id\":\"https:\/\/lecoutedesoi.fr\/#\/schema\/person\/e07fb17c5fabe264bde41ff844f1339e\"},\"headline\":\"WEEK-END YOGA : Du vendredi 10 au dimanche 12 avril 2026\",\"datePublished\":\"2025-12-22T14:28:11+00:00\",\"dateModified\":\"2026-04-13T11:23:42+00:00\",\"mainEntityOfPage\":{\"@id\":\"http:\/\/lecoutedesoi.fr\/?p=610\"},\"wordCount\":134,\"publisher\":{\"@id\":\"https:\/\/lecoutedesoi.fr\/#organization\"},\"image\":{\"@id\":\"http:\/\/lecoutedesoi.fr\/?p=610#primaryimage\"},\"thumbnailUrl\":\"http:\/\/lecoutedesoi.fr\/wp-content\/uploads\/2025\/12\/IMG_4573.jpg\",\"articleSection\":[\"STAGES A VENIR\"],\"inLanguage\":\"en-US\"},{\"@type\":\"WebPage\",\"@id\":\"http:\/\/lecoutedesoi.fr\/?p=610\",\"url\":\"http:\/\/lecoutedesoi.fr\/?p=610\",\"name\":\"WEEK-END YOGA : Du vendredi 10 au dimanche 12 avril 2026 - L&#039;\u00e9coute de soi\",\"isPartOf\":{\"@id\":\"https:\/\/lecoutedesoi.fr\/#website\"},\"primaryImageOfPage\":{\"@id\":\"http:\/\/lecoutedesoi.fr\/?p=610#primaryimage\"},\"image\":{\"@id\":\"http:\/\/lecoutedesoi.fr\/?p=610#primaryimage\"},\"thumbnailUrl\":\"http:\/\/lecoutedesoi.fr\/wp-content\/uploads\/2025\/12\/IMG_4573.jpg\",\"datePublished\":\"2025-12-22T14:28:11+00:00\",\"dateModified\":\"2026-04-13T11:23:42+00:00\",\"breadcrumb\":{\"@id\":\"http:\/\/lecoutedesoi.fr\/?p=610#breadcrumb\"},\"inLanguage\":\"en-US\",\"potentialAction\":[{\"@type\":\"ReadAction\",\"target\":[\"http:\/\/lecoutedesoi.fr\/?p=610\"]}]},{\"@type\":\"ImageObject\",\"inLanguage\":\"en-US\",\"@id\":\"http:\/\/lecoutedesoi.fr\/?p=610#primaryimage\",\"url\":\"http:\/\/lecoutedesoi.fr\/wp-content\/uploads\/2025\/12\/IMG_4573.jpg\",\"contentUrl\":\"http:\/\/lecoutedesoi.fr\/wp-content\/uploads\/2025\/12\/IMG_4573.jpg\",\"width\":590,\"height\":640},{\"@type\":\"BreadcrumbList\",\"@id\":\"http:\/\/lecoutedesoi.fr\/?p=610#breadcrumb\",\"itemListElement\":[{\"@type\":\"ListItem\",\"position\":1,\"name\":\"Home\",\"item\":\"https:\/\/lecoutedesoi.fr\/\"},{\"@type\":\"ListItem\",\"position\":2,\"name\":\"WEEK-END YOGA : Du vendredi 10 au dimanche 12 avril 2026\"}]},{\"@type\":\"WebSite\",\"@id\":\"https:\/\/lecoutedesoi.fr\/#website\",\"url\":\"https:\/\/lecoutedesoi.fr\/\",\"name\":\"L'\u00e9coute de soi\",\"description\":\"\",\"publisher\":{\"@id\":\"https:\/\/lecoutedesoi.fr\/#organization\"},\"potentialAction\":[{\"@type\":\"SearchAction\",\"target\":{\"@type\":\"EntryPoint\",\"urlTemplate\":\"https:\/\/lecoutedesoi.fr\/?s={search_term_string}\"},\"query-input\":{\"@type\":\"PropertyValueSpecification\",\"valueRequired\":true,\"valueName\":\"search_term_string\"}}],\"inLanguage\":\"en-US\"},{\"@type\":\"Organization\",\"@id\":\"https:\/\/lecoutedesoi.fr\/#organization\",\"name\":\"L'\u00e9coute de soi\",\"url\":\"https:\/\/lecoutedesoi.fr\/\",\"logo\":{\"@type\":\"ImageObject\",\"inLanguage\":\"en-US\",\"@id\":\"https:\/\/lecoutedesoi.fr\/#\/schema\/logo\/image\/\",\"url\":\"http:\/\/lecoutedesoi.fr\/wp-content\/uploads\/2025\/10\/logo-ecoutedesoi2-scaled.png\",\"contentUrl\":\"http:\/\/lecoutedesoi.fr\/wp-content\/uploads\/2025\/10\/logo-ecoutedesoi2-scaled.png\",\"width\":2158,\"height\":2560,\"caption\":\"L'\u00e9coute de soi\"},\"image\":{\"@id\":\"https:\/\/lecoutedesoi.fr\/#\/schema\/logo\/image\/\"},\"sameAs\":[\"https:\/\/www.facebook.com\/lecoutedesoi.istres\/?locale=fr_FR\"]},{\"@type\":\"Person\",\"@id\":\"https:\/\/lecoutedesoi.fr\/#\/schema\/person\/e07fb17c5fabe264bde41ff844f1339e\",\"name\":\"admin1758\",\"image\":{\"@type\":\"ImageObject\",\"inLanguage\":\"en-US\",\"@id\":\"https:\/\/lecoutedesoi.fr\/#\/schema\/person\/image\/\",\"url\":\"https:\/\/secure.gravatar.com\/avatar\/51cc86765db1ba80ebbfbae9738a071c11fe9432ccb98933deb7486e1b1dd370?s=96&d=mm&r=g\",\"contentUrl\":\"https:\/\/secure.gravatar.com\/avatar\/51cc86765db1ba80ebbfbae9738a071c11fe9432ccb98933deb7486e1b1dd370?s=96&d=mm&r=g\",\"caption\":\"admin1758\"},\"sameAs\":[\"http:\/\/lecoutedesoi.fr\"],\"url\":\"http:\/\/lecoutedesoi.fr\/?author=1\"}]}<\/script>\n<!-- \/ Yoast SEO plugin. -->","yoast_head_json":{"title":"WEEK-END YOGA : Du vendredi 10 au dimanche 12 avril 2026 - L&#039;\u00e9coute de soi","robots":{"index":"index","follow":"follow","max-snippet":"max-snippet:-1","max-image-preview":"max-image-preview:large","max-video-preview":"max-video-preview:-1"},"canonical":"http:\/\/lecoutedesoi.fr\/?p=610","og_locale":"en_US","og_type":"article","og_title":"WEEK-END YOGA : Du vendredi 10 au dimanche 12 avril 2026 - L&#039;\u00e9coute de soi","og_description":"Retraite : la rencontre du yoga et de la g\u00e9om\u00e9trie sacr\u00e9e Du vendredi 10 avril 2026 17h au dimanche 12 avril 17h. Souffle Harmonie, chez Anna Boulieu, 726 chemin du brugas, Saint Paulet de Caisson 30130 Gard. \u00a0 La g\u00e9om\u00e9trie sacr\u00e9e est un langage universel qui nous parle de la nature de la r\u00e9alit\u00e9. Elle [&hellip;]","og_url":"http:\/\/lecoutedesoi.fr\/?p=610","og_site_name":"L&#039;\u00e9coute de soi","article_publisher":"https:\/\/www.facebook.com\/lecoutedesoi.istres\/?locale=fr_FR","article_published_time":"2025-12-22T14:28:11+00:00","article_modified_time":"2026-04-13T11:23:42+00:00","og_image":[{"width":590,"height":640,"url":"http:\/\/lecoutedesoi.fr\/wp-content\/uploads\/2025\/12\/IMG_4573.jpg","type":"image\/jpeg"}],"author":"admin1758","twitter_card":"summary_large_image","twitter_misc":{"Written by":"admin1758","Est. reading time":"1 minute"},"schema":{"@context":"https:\/\/schema.org","@graph":[{"@type":"Article","@id":"http:\/\/lecoutedesoi.fr\/?p=610#article","isPartOf":{"@id":"http:\/\/lecoutedesoi.fr\/?p=610"},"author":{"name":"admin1758","@id":"https:\/\/lecoutedesoi.fr\/#\/schema\/person\/e07fb17c5fabe264bde41ff844f1339e"},"headline":"WEEK-END YOGA : Du vendredi 10 au dimanche 12 avril 2026","datePublished":"2025-12-22T14:28:11+00:00","dateModified":"2026-04-13T11:23:42+00:00","mainEntityOfPage":{"@id":"http:\/\/lecoutedesoi.fr\/?p=610"},"wordCount":134,"publisher":{"@id":"https:\/\/lecoutedesoi.fr\/#organization"},"image":{"@id":"http:\/\/lecoutedesoi.fr\/?p=610#primaryimage"},"thumbnailUrl":"http:\/\/lecoutedesoi.fr\/wp-content\/uploads\/2025\/12\/IMG_4573.jpg","articleSection":["STAGES A VENIR"],"inLanguage":"en-US"},{"@type":"WebPage","@id":"http:\/\/lecoutedesoi.fr\/?p=610","url":"http:\/\/lecoutedesoi.fr\/?p=610","name":"WEEK-END YOGA : Du vendredi 10 au dimanche 12 avril 2026 - L&#039;\u00e9coute de soi","isPartOf":{"@id":"https:\/\/lecoutedesoi.fr\/#website"},"primaryImageOfPage":{"@id":"http:\/\/lecoutedesoi.fr\/?p=610#primaryimage"},"image":{"@id":"http:\/\/lecoutedesoi.fr\/?p=610#primaryimage"},"thumbnailUrl":"http:\/\/lecoutedesoi.fr\/wp-content\/uploads\/2025\/12\/IMG_4573.jpg","datePublished":"2025-12-22T14:28:11+00:00","dateModified":"2026-04-13T11:23:42+00:00","breadcrumb":{"@id":"http:\/\/lecoutedesoi.fr\/?p=610#breadcrumb"},"inLanguage":"en-US","potentialAction":[{"@type":"ReadAction","target":["http:\/\/lecoutedesoi.fr\/?p=610"]}]},{"@type":"ImageObject","inLanguage":"en-US","@id":"http:\/\/lecoutedesoi.fr\/?p=610#primaryimage","url":"http:\/\/lecoutedesoi.fr\/wp-content\/uploads\/2025\/12\/IMG_4573.jpg","contentUrl":"http:\/\/lecoutedesoi.fr\/wp-content\/uploads\/2025\/12\/IMG_4573.jpg","width":590,"height":640},{"@type":"BreadcrumbList","@id":"http:\/\/lecoutedesoi.fr\/?p=610#breadcrumb","itemListElement":[{"@type":"ListItem","position":1,"name":"Home","item":"https:\/\/lecoutedesoi.fr\/"},{"@type":"ListItem","position":2,"name":"WEEK-END YOGA : Du vendredi 10 au dimanche 12 avril 2026"}]},{"@type":"WebSite","@id":"https:\/\/lecoutedesoi.fr\/#website","url":"https:\/\/lecoutedesoi.fr\/","name":"L'\u00e9coute de soi","description":"","publisher":{"@id":"https:\/\/lecoutedesoi.fr\/#organization"},"potentialAction":[{"@type":"SearchAction","target":{"@type":"EntryPoint","urlTemplate":"https:\/\/lecoutedesoi.fr\/?s={search_term_string}"},"query-input":{"@type":"PropertyValueSpecification","valueRequired":true,"valueName":"search_term_string"}}],"inLanguage":"en-US"},{"@type":"Organization","@id":"https:\/\/lecoutedesoi.fr\/#organization","name":"L'\u00e9coute de soi","url":"https:\/\/lecoutedesoi.fr\/","logo":{"@type":"ImageObject","inLanguage":"en-US","@id":"https:\/\/lecoutedesoi.fr\/#\/schema\/logo\/image\/","url":"http:\/\/lecoutedesoi.fr\/wp-content\/uploads\/2025\/10\/logo-ecoutedesoi2-scaled.png","contentUrl":"http:\/\/lecoutedesoi.fr\/wp-content\/uploads\/2025\/10\/logo-ecoutedesoi2-scaled.png","width":2158,"height":2560,"caption":"L'\u00e9coute de soi"},"image":{"@id":"https:\/\/lecoutedesoi.fr\/#\/schema\/logo\/image\/"},"sameAs":["https:\/\/www.facebook.com\/lecoutedesoi.istres\/?locale=fr_FR"]},{"@type":"Person","@id":"https:\/\/lecoutedesoi.fr\/#\/schema\/person\/e07fb17c5fabe264bde41ff844f1339e","name":"admin1758","image":{"@type":"ImageObject","inLanguage":"en-US","@id":"https:\/\/lecoutedesoi.fr\/#\/schema\/person\/image\/","url":"https:\/\/secure.gravatar.com\/avatar\/51cc86765db1ba80ebbfbae9738a071c11fe9432ccb98933deb7486e1b1dd370?s=96&d=mm&r=g","contentUrl":"https:\/\/secure.gravatar.com\/avatar\/51cc86765db1ba80ebbfbae9738a071c11fe9432ccb98933deb7486e1b1dd370?s=96&d=mm&r=g","caption":"admin1758"},"sameAs":["http:\/\/lecoutedesoi.fr"],"url":"http:\/\/lecoutedesoi.fr\/?author=1"}]}},"_links":{"self":[{"href":"http:\/\/lecoutedesoi.fr\/index.php?rest_route=\/wp\/v2\/posts\/610","targetHints":{"allow":["GET"]}}],"collection":[{"href":"http:\/\/lecoutedesoi.fr\/index.php?rest_route=\/wp\/v2\/posts"}],"about":[{"href":"http:\/\/lecoutedesoi.fr\/index.php?rest_route=\/wp\/v2\/types\/post"}],"author":[{"embeddable":true,"href":"http:\/\/lecoutedesoi.fr\/index.php?rest_route=\/wp\/v2\/users\/1"}],"replies":[{"embeddable":true,"href":"http:\/\/lecoutedesoi.fr\/index.php?rest_route=%2Fwp%2Fv2%2Fcomments&post=610"}],"version-history":[{"count":22,"href":"http:\/\/lecoutedesoi.fr\/index.php?rest_route=\/wp\/v2\/posts\/610\/revisions"}],"predecessor-version":[{"id":773,"href":"http:\/\/lecoutedesoi.fr\/index.php?rest_route=\/wp\/v2\/posts\/610\/revisions\/773"}],"wp:featuredmedia":[{"embeddable":true,"href":"http:\/\/lecoutedesoi.fr\/index.php?rest_route=\/wp\/v2\/media\/544"}],"wp:attachment":[{"href":"http:\/\/lecoutedesoi.fr\/index.php?rest_route=%2Fwp%2Fv2%2Fmedia&parent=610"}],"wp:term":[{"taxonomy":"category","embeddable":true,"href":"http:\/\/lecoutedesoi.fr\/index.php?rest_route=%2Fwp%2Fv2%2Fcategories&post=610"},{"taxonomy":"post_tag","embeddable":true,"href":"http:\/\/lecoutedesoi.fr\/index.php?rest_route=%2Fwp%2Fv2%2Ftags&post=610"}],"curies":[{"name":"wp","href":"https:\/\/api.w.org\/{rel}","templated":true}]}}